{"id":16353,"date":"2013-10-04T15:57:28","date_gmt":"2013-10-04T15:57:28","guid":{"rendered":"https:\/\/quarckabogados.com\/recent-developments-in-spanish-commercial-law-2025\/"},"modified":"2025-09-23T10:20:49","modified_gmt":"2025-09-23T10:20:49","slug":"desarrollos-recientes-en-el-derecho-mercantil-espanol-2025","status":"publish","type":"post","link":"https:\/\/quarckabogados.com\/es\/desarrollos-recientes-en-el-derecho-mercantil-espanol-2025\/","title":{"rendered":"Desarrollos recientes en el Derecho mercantil espa\u00f1ol \u2014 2025"},"content":{"rendered":"<div class=\"wpb-content-wrapper\"><p>[vc_row css_animation=\u00bb\u00bb row_type=\u00bbrow\u00bb use_row_as_full_screen_section=\u00bbno\u00bb type=\u00bbfull_width\u00bb angled_section=\u00bbno\u00bb text_align=\u00bbleft\u00bb background_image_as_pattern=\u00bbwithout_pattern\u00bb][vc_column][vc_column_text css=\u00bb\u00bb]<\/p>\n<h3>Reformas Legislativas Clave y Nuevas Obligaciones<\/h3>\n<ol>\n<li><strong>Protecci\u00f3n de Informantes y Autoridad Independiente (AIPI \/ AAI)<\/strong>\n<ul>\n<li>Espa\u00f1a transpuso plenamente la Directiva de la UE sobre protecci\u00f3n de informantes (2019\/1937) mediante la <strong>Ley 2\/2023<\/strong>, que obliga a numerosas empresas del sector privado y p\u00fablico a establecer canales internos de denuncia y proteger a quienes informen sobre conductas il\u00edcitas.<\/li>\n<li>A partir del <strong>1 de septiembre de 2025<\/strong>, comenzar\u00e1 a funcionar la <strong>Autoridad Independiente de Protecci\u00f3n del Informante (AIPI \/ AAI)<\/strong>.<\/li>\n<li>Las empresas sujetas a la ley deber\u00e1n notificar a la Autoridad qui\u00e9n es el responsable de su canal interno de denuncias antes del <strong>1 de noviembre de 2025<\/strong> en caso de que haya alg\u00fan cambio.<\/li>\n<\/ul>\n<\/li>\n<li><strong>Sostenibilidad Corporativa \/ Informaci\u00f3n No Financiera (Transposici\u00f3n de la CSRD)<\/strong>\n<ul>\n<li>Espa\u00f1a est\u00e1 elaborando (o ya ha elaborado) legislaci\u00f3n para transponer la <strong>Directiva Europea de Informaci\u00f3n sobre Sostenibilidad Corporativa (CSRD, Directiva UE 2022\/2464)<\/strong>. Esto ampl\u00eda las obligaciones de las empresas en cuanto a la divulgaci\u00f3n de riesgos ambientales, sociales, de gobernanza (ESG) y de sostenibilidad en general.<\/li>\n<li>Adem\u00e1s, existe una \u201cLey Org\u00e1nica sobre la representaci\u00f3n equilibrada de mujeres y hombres\u201d, que busca garantizar una mayor presencia equilibrada de g\u00e9nero en los consejos de administraci\u00f3n y la alta direcci\u00f3n, lo que se conecta con las reformas de gobernanza.<\/li>\n<\/ul>\n<\/li>\n<li><strong>Derecho Societario: Moratoria Contable y Causas de Disoluci\u00f3n<\/strong>\n<ul>\n<li>La \u201cmoratoria contable\u201d introducida durante la COVID-19 (que permiti\u00f3 flexibilidad a las empresas con p\u00e9rdidas para que las de 2020 y 2021 no desencadenaran autom\u00e1ticamente causa de disoluci\u00f3n) se ha prorrogado hasta <strong>finales de 2026<\/strong>.<\/li>\n<li>Las empresas deben vigilar las obligaciones derivadas del art\u00edculo 363.1.e) de la Ley de Sociedades de Capital, sobre disoluci\u00f3n por p\u00e9rdidas, una vez expire la moratoria. Las obligaciones de los administradores de convocar junta general cuando se alcancen ciertos umbrales siguen siendo relevantes.<\/li>\n<\/ul>\n<\/li>\n<li><strong>Cambios en el R\u00e9gimen de la \u201cGolden Visa\u201d<\/strong>\n<ul>\n<li>La \u201cGolden Visa\u201d por inversi\u00f3n inmobiliaria (permiso de residencia mediante la compra de inmuebles de m\u00e1s de 500.000 \u20ac) ha sido modificada: la <strong>Ley Org\u00e1nica 1\/2025<\/strong> derog\u00f3 el art\u00edculo 63 bis de la Ley 14\/2013, lo que afecta a esta v\u00eda para nuevos solicitantes a partir del <strong>3 de abril de 2025<\/strong>.<\/li>\n<\/ul>\n<\/li>\n<li><strong>Transparencia, Inversi\u00f3n Extranjera, Resoluci\u00f3n de Conflictos<\/strong>\n<ul>\n<li>Reformas en materia de transparencia societaria y regulaci\u00f3n de la inversi\u00f3n extranjera: nuevos requisitos o modificaciones en la revisi\u00f3n de dichas inversiones.<\/li>\n<li>Se ha reforzado el marco legal de la <strong>resoluci\u00f3n alternativa de conflictos (ADR)<\/strong>: las partes podr\u00e1n estar obligadas a realizar una negociaci\u00f3n previa o procedimientos de ADR antes de acudir a los tribunales.<\/li>\n<\/ul>\n<\/li>\n<\/ol>\n<hr \/>\n<h3>Implicaciones para las Empresas<\/h3>\n<ul>\n<li><strong>Cumplimiento y Sistemas Internos<\/strong>: Las empresas (especialmente con m\u00e1s de 50 empleados) deben garantizar que disponen de canales internos de denuncia adecuados y seguros, con confidencialidad y protecci\u00f3n de los informantes. El incumplimiento puede acarrear sanciones administrativas o riesgos reputacionales.<\/li>\n<li><strong>Gobernanza e Informaci\u00f3n<\/strong>: Con la transposici\u00f3n de la CSRD, los requisitos de reporte ESG son cada vez m\u00e1s estrictos. Los consejos de administraci\u00f3n y la direcci\u00f3n deben asegurarse de que existen sistemas de reporte, verificaci\u00f3n de datos y control interno. Tambi\u00e9n aumenta la presi\u00f3n para una mayor diversidad de g\u00e9nero en cargos directivos.<\/li>\n<li><strong>Gesti\u00f3n de Riesgos y Deberes de los Administradores<\/strong>: Los administradores deben prestar atenci\u00f3n a la situaci\u00f3n financiera, especialmente en relaci\u00f3n con las p\u00e9rdidas, para evitar activar causas de disoluci\u00f3n. Aunque la moratoria contable ofrece cierto margen, es fundamental prepararse para su finalizaci\u00f3n.<\/li>\n<li><strong>Inversi\u00f3n Extranjera \/ Transacciones Inmobiliarias<\/strong>: Los cambios en reg\u00edmenes como la Golden Visa pueden afectar proyectos de inversi\u00f3n inmobiliaria. Empresas e inversores deben revisar las normas vigentes si invierten con fines de residencia.<\/li>\n<li><strong>Prevenci\u00f3n de Conflictos \/ ADR<\/strong>: Con el mayor \u00e9nfasis en la ADR y negociaciones previas en disputas comerciales, los contratos empresariales y pol\u00edticas internas deber\u00edan prever mecanismos alternativos de resoluci\u00f3n de conflictos, como la mediaci\u00f3n, para evitar cargas judiciales.<\/li>\n<\/ul>\n<hr \/>\n<h3>Retos y Consideraciones<\/h3>\n<ul>\n<li><strong>Incertidumbres Transitorias y de Implementaci\u00f3n<\/strong>: Muchas de estas leyes o proyectos est\u00e1n en fase de transici\u00f3n. Las empresas pueden enfrentarse a ambig\u00fcedades al implementar sistemas internos (canales de denuncia, reportes de sostenibilidad, etc.) antes de que se emitan directrices claras.<\/li>\n<li><strong>Carga Administrativa<\/strong>: El aumento de obligaciones de reporte, notificaciones (p. ej., responsable de canal de denuncias), verificaci\u00f3n de informes de sostenibilidad, representaci\u00f3n de g\u00e9nero, etc., incrementa los costes de cumplimiento. En particular, las pymes pueden tener dificultades.<\/li>\n<li><strong>Aplicaci\u00f3n y Sanciones<\/strong>: A medida que la AIPI empiece a operar, es previsible un incremento en la supervisi\u00f3n y en las actuaciones de control. Las empresas deben anticipar posibles auditor\u00edas o inspecciones.<\/li>\n<li><strong>Competitividad vs Regulaci\u00f3n<\/strong>: El reto es equilibrar el cumplimiento normativo (cada vez m\u00e1s estricto) con mantener la flexibilidad, el crecimiento y la competitividad, especialmente para las pymes.<\/li>\n<\/ul>\n<hr \/>\n<h3>Conclusi\u00f3n<\/h3>\n<p>El 2025 es un a\u00f1o clave para la reforma del derecho mercantil espa\u00f1ol. El entorno jur\u00eddico avanza hacia una mayor transparencia, sostenibilidad, responsabilidad corporativa y una protecci\u00f3n reforzada de los informantes. Las empresas que operan en Espa\u00f1a (y aquellas con v\u00ednculos transfronterizos) deben tomarse estos cambios en serio: actualizar pol\u00edticas internas, estructuras de gobernanza, sistemas de cumplimiento y asegurarse de cumplir tanto con las obligaciones actuales como con las futuras<\/p>\n<p>[\/vc_column_text][\/vc_column][\/vc_row]<\/p>\n<\/div>","protected":false},"excerpt":{"rendered":"<p>The term minimalism is also used to describe a trend in design and architecture where in the subject is reduced to its necessary elements. Minimalist design has been highly influenced by Japanese traditional design and architecture. In addition, the work of De Stijl artists is a major source of reference for this kind of work. <a class=\"continue\" href=\"https:\/\/quarckabogados.com\/es\/desarrollos-recientes-en-el-derecho-mercantil-espanol-2025\/\">Continue Reading<span> Desarrollos recientes en el Derecho mercantil espa\u00f1ol \u2014 2025<\/span><\/a><\/p>\n","protected":false},"author":1,"featured_media":16149,"comment_status":"closed","ping_status":"closed","sticky":false,"template":"","format":"standard","meta":{"footnotes":""},"categories":[64],"tags":[],"class_list":["post-16353","post","type-post","status-publish","format-standard","has-post-thumbnail","hentry","category-sin-categoria"],"yoast_head":"<!-- This site is optimized with the Yoast SEO plugin v27.2 - https:\/\/yoast.com\/product\/yoast-seo-wordpress\/ -->\n<title>Desarrollos recientes en el Derecho mercantil espa\u00f1ol \u2014 2025 - Quarck Abogados<\/title>\n<meta name=\"robots\" content=\"index, follow, max-snippet:-1, max-image-preview:large, max-video-preview:-1\" \/>\n<link rel=\"canonical\" href=\"https:\/\/quarckabogados.com\/es\/desarrollos-recientes-en-el-derecho-mercantil-espanol-2025\/\" \/>\n<meta property=\"og:locale\" content=\"es_ES\" \/>\n<meta property=\"og:type\" content=\"article\" \/>\n<meta property=\"og:title\" content=\"Desarrollos recientes en el Derecho mercantil espa\u00f1ol \u2014 2025 - Quarck Abogados\" \/>\n<meta property=\"og:description\" content=\"The term minimalism is also used to describe a trend in design and architecture where in the subject is reduced to its necessary elements. Minimalist design has been highly influenced by Japanese traditional design and architecture. In addition, the work of De Stijl artists is a major source of reference for this kind of work. Continue Reading Desarrollos recientes en el Derecho mercantil espa\u00f1ol \u2014 2025\" \/>\n<meta property=\"og:url\" content=\"https:\/\/quarckabogados.com\/es\/desarrollos-recientes-en-el-derecho-mercantil-espanol-2025\/\" \/>\n<meta property=\"og:site_name\" content=\"Quarck Abogados\" \/>\n<meta property=\"article:published_time\" content=\"2013-10-04T15:57:28+00:00\" \/>\n<meta property=\"article:modified_time\" content=\"2025-09-23T10:20:49+00:00\" \/>\n<meta property=\"og:image\" content=\"https:\/\/quarckabogados.com\/wp-content\/uploads\/2013\/10\/comercial-law-1-scaled.jpg\" \/>\n\t<meta property=\"og:image:width\" content=\"2560\" \/>\n\t<meta property=\"og:image:height\" content=\"1708\" \/>\n\t<meta property=\"og:image:type\" content=\"image\/jpeg\" \/>\n<meta name=\"author\" content=\"admin\" \/>\n<meta name=\"twitter:card\" content=\"summary_large_image\" \/>\n<meta name=\"twitter:label1\" content=\"Escrito por\" \/>\n\t<meta name=\"twitter:data1\" content=\"admin\" \/>\n\t<meta name=\"twitter:label2\" content=\"Tiempo de lectura\" \/>\n\t<meta name=\"twitter:data2\" content=\"5 minutos\" \/>\n<script type=\"application\/ld+json\" class=\"yoast-schema-graph\">{\"@context\":\"https:\/\/schema.org\",\"@graph\":[{\"@type\":\"Article\",\"@id\":\"https:\/\/quarckabogados.com\/es\/desarrollos-recientes-en-el-derecho-mercantil-espanol-2025\/#article\",\"isPartOf\":{\"@id\":\"https:\/\/quarckabogados.com\/es\/desarrollos-recientes-en-el-derecho-mercantil-espanol-2025\/\"},\"author\":{\"name\":\"admin\",\"@id\":\"https:\/\/quarckabogados.com\/#\/schema\/person\/7810e52e099b8fbdc8cbaab036bd2651\"},\"headline\":\"Desarrollos recientes en el Derecho mercantil espa\u00f1ol \u2014 2025\",\"datePublished\":\"2013-10-04T15:57:28+00:00\",\"dateModified\":\"2025-09-23T10:20:49+00:00\",\"mainEntityOfPage\":{\"@id\":\"https:\/\/quarckabogados.com\/es\/desarrollos-recientes-en-el-derecho-mercantil-espanol-2025\/\"},\"wordCount\":951,\"image\":{\"@id\":\"https:\/\/quarckabogados.com\/es\/desarrollos-recientes-en-el-derecho-mercantil-espanol-2025\/#primaryimage\"},\"thumbnailUrl\":\"https:\/\/quarckabogados.com\/wp-content\/uploads\/2013\/10\/comercial-law-1-scaled.jpg\",\"inLanguage\":\"es\"},{\"@type\":\"WebPage\",\"@id\":\"https:\/\/quarckabogados.com\/es\/desarrollos-recientes-en-el-derecho-mercantil-espanol-2025\/\",\"url\":\"https:\/\/quarckabogados.com\/es\/desarrollos-recientes-en-el-derecho-mercantil-espanol-2025\/\",\"name\":\"Desarrollos recientes en el Derecho mercantil espa\u00f1ol \u2014 2025 - Quarck Abogados\",\"isPartOf\":{\"@id\":\"https:\/\/quarckabogados.com\/#website\"},\"primaryImageOfPage\":{\"@id\":\"https:\/\/quarckabogados.com\/es\/desarrollos-recientes-en-el-derecho-mercantil-espanol-2025\/#primaryimage\"},\"image\":{\"@id\":\"https:\/\/quarckabogados.com\/es\/desarrollos-recientes-en-el-derecho-mercantil-espanol-2025\/#primaryimage\"},\"thumbnailUrl\":\"https:\/\/quarckabogados.com\/wp-content\/uploads\/2013\/10\/comercial-law-1-scaled.jpg\",\"datePublished\":\"2013-10-04T15:57:28+00:00\",\"dateModified\":\"2025-09-23T10:20:49+00:00\",\"author\":{\"@id\":\"https:\/\/quarckabogados.com\/#\/schema\/person\/7810e52e099b8fbdc8cbaab036bd2651\"},\"breadcrumb\":{\"@id\":\"https:\/\/quarckabogados.com\/es\/desarrollos-recientes-en-el-derecho-mercantil-espanol-2025\/#breadcrumb\"},\"inLanguage\":\"es\",\"potentialAction\":[{\"@type\":\"ReadAction\",\"target\":[\"https:\/\/quarckabogados.com\/es\/desarrollos-recientes-en-el-derecho-mercantil-espanol-2025\/\"]}]},{\"@type\":\"ImageObject\",\"inLanguage\":\"es\",\"@id\":\"https:\/\/quarckabogados.com\/es\/desarrollos-recientes-en-el-derecho-mercantil-espanol-2025\/#primaryimage\",\"url\":\"https:\/\/quarckabogados.com\/wp-content\/uploads\/2013\/10\/comercial-law-1-scaled.jpg\",\"contentUrl\":\"https:\/\/quarckabogados.com\/wp-content\/uploads\/2013\/10\/comercial-law-1-scaled.jpg\",\"width\":2560,\"height\":1708,\"caption\":\"comercial law\"},{\"@type\":\"BreadcrumbList\",\"@id\":\"https:\/\/quarckabogados.com\/es\/desarrollos-recientes-en-el-derecho-mercantil-espanol-2025\/#breadcrumb\",\"itemListElement\":[{\"@type\":\"ListItem\",\"position\":1,\"name\":\"Home\",\"item\":\"https:\/\/quarckabogados.com\/\"},{\"@type\":\"ListItem\",\"position\":2,\"name\":\"Desarrollos recientes en el Derecho mercantil espa\u00f1ol \u2014 2025\"}]},{\"@type\":\"WebSite\",\"@id\":\"https:\/\/quarckabogados.com\/#website\",\"url\":\"https:\/\/quarckabogados.com\/\",\"name\":\"Quarck Abogados\",\"description\":\"\",\"potentialAction\":[{\"@type\":\"SearchAction\",\"target\":{\"@type\":\"EntryPoint\",\"urlTemplate\":\"https:\/\/quarckabogados.com\/?s={search_term_string}\"},\"query-input\":{\"@type\":\"PropertyValueSpecification\",\"valueRequired\":true,\"valueName\":\"search_term_string\"}}],\"inLanguage\":\"es\"},{\"@type\":\"Person\",\"@id\":\"https:\/\/quarckabogados.com\/#\/schema\/person\/7810e52e099b8fbdc8cbaab036bd2651\",\"name\":\"admin\",\"image\":{\"@type\":\"ImageObject\",\"inLanguage\":\"es\",\"@id\":\"https:\/\/secure.gravatar.com\/avatar\/70c1ecabd6819b5168f44b9acf228aa97b12f90d49490d6621dae0dfb332e99e?s=96&d=mm&r=g\",\"url\":\"https:\/\/secure.gravatar.com\/avatar\/70c1ecabd6819b5168f44b9acf228aa97b12f90d49490d6621dae0dfb332e99e?s=96&d=mm&r=g\",\"contentUrl\":\"https:\/\/secure.gravatar.com\/avatar\/70c1ecabd6819b5168f44b9acf228aa97b12f90d49490d6621dae0dfb332e99e?s=96&d=mm&r=g\",\"caption\":\"admin\"},\"sameAs\":[\"https:\/\/quarckabogados.com\"],\"url\":\"https:\/\/quarckabogados.com\/es\/author\/admin_l1bozd9u\/\"}]}<\/script>\n<!-- \/ Yoast SEO plugin. -->","yoast_head_json":{"title":"Desarrollos recientes en el Derecho mercantil espa\u00f1ol \u2014 2025 - Quarck Abogados","robots":{"index":"index","follow":"follow","max-snippet":"max-snippet:-1","max-image-preview":"max-image-preview:large","max-video-preview":"max-video-preview:-1"},"canonical":"https:\/\/quarckabogados.com\/es\/desarrollos-recientes-en-el-derecho-mercantil-espanol-2025\/","og_locale":"es_ES","og_type":"article","og_title":"Desarrollos recientes en el Derecho mercantil espa\u00f1ol \u2014 2025 - Quarck Abogados","og_description":"The term minimalism is also used to describe a trend in design and architecture where in the subject is reduced to its necessary elements. Minimalist design has been highly influenced by Japanese traditional design and architecture. In addition, the work of De Stijl artists is a major source of reference for this kind of work. Continue Reading Desarrollos recientes en el Derecho mercantil espa\u00f1ol \u2014 2025","og_url":"https:\/\/quarckabogados.com\/es\/desarrollos-recientes-en-el-derecho-mercantil-espanol-2025\/","og_site_name":"Quarck Abogados","article_published_time":"2013-10-04T15:57:28+00:00","article_modified_time":"2025-09-23T10:20:49+00:00","og_image":[{"width":2560,"height":1708,"url":"https:\/\/quarckabogados.com\/wp-content\/uploads\/2013\/10\/comercial-law-1-scaled.jpg","type":"image\/jpeg"}],"author":"admin","twitter_card":"summary_large_image","twitter_misc":{"Escrito por":"admin","Tiempo de lectura":"5 minutos"},"schema":{"@context":"https:\/\/schema.org","@graph":[{"@type":"Article","@id":"https:\/\/quarckabogados.com\/es\/desarrollos-recientes-en-el-derecho-mercantil-espanol-2025\/#article","isPartOf":{"@id":"https:\/\/quarckabogados.com\/es\/desarrollos-recientes-en-el-derecho-mercantil-espanol-2025\/"},"author":{"name":"admin","@id":"https:\/\/quarckabogados.com\/#\/schema\/person\/7810e52e099b8fbdc8cbaab036bd2651"},"headline":"Desarrollos recientes en el Derecho mercantil espa\u00f1ol \u2014 2025","datePublished":"2013-10-04T15:57:28+00:00","dateModified":"2025-09-23T10:20:49+00:00","mainEntityOfPage":{"@id":"https:\/\/quarckabogados.com\/es\/desarrollos-recientes-en-el-derecho-mercantil-espanol-2025\/"},"wordCount":951,"image":{"@id":"https:\/\/quarckabogados.com\/es\/desarrollos-recientes-en-el-derecho-mercantil-espanol-2025\/#primaryimage"},"thumbnailUrl":"https:\/\/quarckabogados.com\/wp-content\/uploads\/2013\/10\/comercial-law-1-scaled.jpg","inLanguage":"es"},{"@type":"WebPage","@id":"https:\/\/quarckabogados.com\/es\/desarrollos-recientes-en-el-derecho-mercantil-espanol-2025\/","url":"https:\/\/quarckabogados.com\/es\/desarrollos-recientes-en-el-derecho-mercantil-espanol-2025\/","name":"Desarrollos recientes en el Derecho mercantil espa\u00f1ol \u2014 2025 - Quarck Abogados","isPartOf":{"@id":"https:\/\/quarckabogados.com\/#website"},"primaryImageOfPage":{"@id":"https:\/\/quarckabogados.com\/es\/desarrollos-recientes-en-el-derecho-mercantil-espanol-2025\/#primaryimage"},"image":{"@id":"https:\/\/quarckabogados.com\/es\/desarrollos-recientes-en-el-derecho-mercantil-espanol-2025\/#primaryimage"},"thumbnailUrl":"https:\/\/quarckabogados.com\/wp-content\/uploads\/2013\/10\/comercial-law-1-scaled.jpg","datePublished":"2013-10-04T15:57:28+00:00","dateModified":"2025-09-23T10:20:49+00:00","author":{"@id":"https:\/\/quarckabogados.com\/#\/schema\/person\/7810e52e099b8fbdc8cbaab036bd2651"},"breadcrumb":{"@id":"https:\/\/quarckabogados.com\/es\/desarrollos-recientes-en-el-derecho-mercantil-espanol-2025\/#breadcrumb"},"inLanguage":"es","potentialAction":[{"@type":"ReadAction","target":["https:\/\/quarckabogados.com\/es\/desarrollos-recientes-en-el-derecho-mercantil-espanol-2025\/"]}]},{"@type":"ImageObject","inLanguage":"es","@id":"https:\/\/quarckabogados.com\/es\/desarrollos-recientes-en-el-derecho-mercantil-espanol-2025\/#primaryimage","url":"https:\/\/quarckabogados.com\/wp-content\/uploads\/2013\/10\/comercial-law-1-scaled.jpg","contentUrl":"https:\/\/quarckabogados.com\/wp-content\/uploads\/2013\/10\/comercial-law-1-scaled.jpg","width":2560,"height":1708,"caption":"comercial law"},{"@type":"BreadcrumbList","@id":"https:\/\/quarckabogados.com\/es\/desarrollos-recientes-en-el-derecho-mercantil-espanol-2025\/#breadcrumb","itemListElement":[{"@type":"ListItem","position":1,"name":"Home","item":"https:\/\/quarckabogados.com\/"},{"@type":"ListItem","position":2,"name":"Desarrollos recientes en el Derecho mercantil espa\u00f1ol \u2014 2025"}]},{"@type":"WebSite","@id":"https:\/\/quarckabogados.com\/#website","url":"https:\/\/quarckabogados.com\/","name":"Quarck Abogados","description":"","potentialAction":[{"@type":"SearchAction","target":{"@type":"EntryPoint","urlTemplate":"https:\/\/quarckabogados.com\/?s={search_term_string}"},"query-input":{"@type":"PropertyValueSpecification","valueRequired":true,"valueName":"search_term_string"}}],"inLanguage":"es"},{"@type":"Person","@id":"https:\/\/quarckabogados.com\/#\/schema\/person\/7810e52e099b8fbdc8cbaab036bd2651","name":"admin","image":{"@type":"ImageObject","inLanguage":"es","@id":"https:\/\/secure.gravatar.com\/avatar\/70c1ecabd6819b5168f44b9acf228aa97b12f90d49490d6621dae0dfb332e99e?s=96&d=mm&r=g","url":"https:\/\/secure.gravatar.com\/avatar\/70c1ecabd6819b5168f44b9acf228aa97b12f90d49490d6621dae0dfb332e99e?s=96&d=mm&r=g","contentUrl":"https:\/\/secure.gravatar.com\/avatar\/70c1ecabd6819b5168f44b9acf228aa97b12f90d49490d6621dae0dfb332e99e?s=96&d=mm&r=g","caption":"admin"},"sameAs":["https:\/\/quarckabogados.com"],"url":"https:\/\/quarckabogados.com\/es\/author\/admin_l1bozd9u\/"}]}},"_links":{"self":[{"href":"https:\/\/quarckabogados.com\/es\/wp-json\/wp\/v2\/posts\/16353","targetHints":{"allow":["GET"]}}],"collection":[{"href":"https:\/\/quarckabogados.com\/es\/wp-json\/wp\/v2\/posts"}],"about":[{"href":"https:\/\/quarckabogados.com\/es\/wp-json\/wp\/v2\/types\/post"}],"author":[{"embeddable":true,"href":"https:\/\/quarckabogados.com\/es\/wp-json\/wp\/v2\/users\/1"}],"replies":[{"embeddable":true,"href":"https:\/\/quarckabogados.com\/es\/wp-json\/wp\/v2\/comments?post=16353"}],"version-history":[{"count":2,"href":"https:\/\/quarckabogados.com\/es\/wp-json\/wp\/v2\/posts\/16353\/revisions"}],"predecessor-version":[{"id":16355,"href":"https:\/\/quarckabogados.com\/es\/wp-json\/wp\/v2\/posts\/16353\/revisions\/16355"}],"wp:featuredmedia":[{"embeddable":true,"href":"https:\/\/quarckabogados.com\/es\/wp-json\/wp\/v2\/media\/16149"}],"wp:attachment":[{"href":"https:\/\/quarckabogados.com\/es\/wp-json\/wp\/v2\/media?parent=16353"}],"wp:term":[{"taxonomy":"category","embeddable":true,"href":"https:\/\/quarckabogados.com\/es\/wp-json\/wp\/v2\/categories?post=16353"},{"taxonomy":"post_tag","embeddable":true,"href":"https:\/\/quarckabogados.com\/es\/wp-json\/wp\/v2\/tags?post=16353"}],"curies":[{"name":"wp","href":"https:\/\/api.w.org\/{rel}","templated":true}]}}