{"id":16356,"date":"2013-10-04T15:45:20","date_gmt":"2013-10-04T15:45:20","guid":{"rendered":"https:\/\/quarckabogados.com\/europes-pharma-law-reform-in-2025\/"},"modified":"2025-09-23T10:23:51","modified_gmt":"2025-09-23T10:23:51","slug":"europes-pharma-law-reform-in-2025","status":"publish","type":"post","link":"https:\/\/quarckabogados.com\/es\/europes-pharma-law-reform-in-2025\/","title":{"rendered":"La reforma del Derecho farmac\u00e9utico en Europa en 2025: hacia el acceso, la sostenibilidad y la innovaci\u00f3n"},"content":{"rendered":"<div class=\"wpb-content-wrapper\"><p>[vc_row css_animation=\u00bb\u00bb row_type=\u00bbrow\u00bb use_row_as_full_screen_section=\u00bbno\u00bb type=\u00bbfull_width\u00bb angled_section=\u00bbno\u00bb text_align=\u00bbleft\u00bb background_image_as_pattern=\u00bbwithout_pattern\u00bb][vc_column][vc_column_text css=\u00bb\u00bb]<\/p>\n<h3>Introducci\u00f3n<\/h3>\n<p>En 2025, Europa est\u00e1 llevando a cabo una de las reformas m\u00e1s significativas del derecho farmac\u00e9utico en d\u00e9cadas. Ante la creciente presi\u00f3n por la escasez de medicamentos, las preocupaciones medioambientales, la resistencia antimicrobiana y la competitividad de la industria, la Uni\u00f3n Europea ha introducido propuestas y medidas regulatorias de gran alcance destinadas a modernizar el sector farmac\u00e9utico. Estas reformas \u2014conocidas coloquialmente como el \u201cPaquete Farmac\u00e9utico\u201d\u2014 prometen redefinir la forma en que los medicamentos se regulan, fabrican, publicitan y distribuyen en toda la UE.<\/p>\n<hr \/>\n<h3>El \u201cPaquete Farmac\u00e9utico\u201d<\/h3>\n<p>El Paquete Farmac\u00e9utico hace referencia a un conjunto de propuestas y cambios legislativos presentados por la Comisi\u00f3n Europea y que actualmente se negocian entre el Parlamento Europeo y el Consejo. Sus objetivos son:<\/p>\n<ul>\n<li>Garantizar un <strong>acceso equitativo y oportuno<\/strong> a medicamentos seguros, eficaces y asequibles en todos los Estados miembros.<\/li>\n<li>Reforzar la <strong>resiliencia de la cadena de suministro<\/strong> y reducir la dependencia de Europa respecto a la fabricaci\u00f3n fuera de la UE, especialmente de medicamentos cr\u00edticos como los antibi\u00f3ticos.<\/li>\n<li>Impulsar la <strong>innovaci\u00f3n<\/strong>, en particular en necesidades m\u00e9dicas no cubiertas, enfermedades raras y medicamentos pedi\u00e1tricos.<\/li>\n<li>Aumentar la <strong>sostenibilidad medioambiental<\/strong> en la fabricaci\u00f3n y distribuci\u00f3n de medicamentos.<\/li>\n<li>Fortalecer la <strong>eficiencia regulatoria<\/strong>, reducir cargas administrativas y mejorar el marco legal, incluidas las normas de publicidad.<\/li>\n<\/ul>\n<hr \/>\n<h3>Principales Cambios en Discusi\u00f3n<\/h3>\n<ol>\n<li><strong>Protecci\u00f3n de Datos y Exclusividad de Mercado<\/strong>\n<ul>\n<li>El Consejo ha acordado mantener un per\u00edodo de <strong>8 a\u00f1os de protecci\u00f3n regulatoria de datos<\/strong> para los medicamentos innovadores.<\/li>\n<li>Se establece un a\u00f1o de protecci\u00f3n b\u00e1sica de mercado, con posibilidad de un a\u00f1o adicional bajo ciertas condiciones (por ejemplo, para productos dirigidos a necesidades m\u00e9dicas no cubiertas).<\/li>\n<\/ul>\n<\/li>\n<li><strong>\u201cLey de Medicamentos Cr\u00edticos\u201d \/ Dependencia del Suministro<\/strong>\n<ul>\n<li>La UE pretende reducir su dependencia de Asia (principalmente China e India) en cuanto a principios activos farmac\u00e9uticos (APIs) y medicamentos esenciales como los antibi\u00f3ticos.<\/li>\n<li>Una medida prevista: desincentivar que las autoridades otorguen licitaciones p\u00fablicas para medicamentos gen\u00e9ricos \u00fanicamente en funci\u00f3n del precio, pr\u00e1ctica que ha debilitado a los fabricantes europeos.<\/li>\n<\/ul>\n<\/li>\n<li><strong>Abordar la Escasez de Medicamentos<\/strong>\n<ul>\n<li>El Tribunal de Cuentas Europeo inform\u00f3 de escasez cr\u00f3nica de medicamentos (136 en falta aguda entre enero de 2022 y octubre de 2024), se\u00f1alando debilidades en el marco legal, retrasos en el intercambio de informaci\u00f3n y barreras regulatorias para la distribuci\u00f3n transfronteriza.<\/li>\n<li>Las reformas del Paquete Farmac\u00e9utico buscan otorgar m\u00e1s competencias a la EMA y a los Estados miembros para supervisar el suministro, imponer obligaciones a las empresas y reducir obst\u00e1culos regulatorios.<\/li>\n<\/ul>\n<\/li>\n<li><strong>Normas de Publicidad y Promoci\u00f3n<\/strong>\n<ul>\n<li>La legislaci\u00f3n revisada incluye reglas m\u00e1s estrictas sobre la publicidad de medicamentos, tanto dirigida a profesionales sanitarios como al p\u00fablico general. Algunas propuestas: prohibir afirmaciones enga\u00f1osas de superior seguridad o eficacia sin pruebas s\u00f3lidas; ampliar la definici\u00f3n de lo que se considera publicidad; reforzar la aplicaci\u00f3n de sanciones.<\/li>\n<\/ul>\n<\/li>\n<li><strong>Espacio Europeo de Datos Sanitarios (EHDS)<\/strong>\n<ul>\n<li>Aunque no es estrictamente \u201cderecho farmac\u00e9utico\u201d, el reglamento del EHDS (en vigor desde el 26 de marzo de 2025) es muy relevante, ya que el intercambio de datos, las historias cl\u00ednicas transfronterizas y el uso secundario de datos de salud para I+D est\u00e1n estrechamente vinculados al desarrollo de medicamentos, la farmacovigilancia y los estudios con evidencia en el mundo real.<\/li>\n<\/ul>\n<\/li>\n<\/ol>\n<hr \/>\n<h3>Implicaciones<\/h3>\n<p>Estas reformas podr\u00edan tener efectos de gran alcance:<\/p>\n<ul>\n<li><strong>Para la industria<\/strong>: Las empresas deber\u00e1n ajustar sus l\u00edneas de I+D, considerar evaluaciones de riesgo medioambiental en fases tempranas, garantizar lanzamientos de mercado m\u00e1s amplios para beneficiarse de protecciones extendidas, adaptar materiales promocionales a las nuevas reglas publicitarias y gestionar cambios en la cadena de suministro.<\/li>\n<li><strong>Para los pacientes<\/strong>: En principio, deber\u00edan beneficiarse de un acceso m\u00e1s r\u00e1pido a los medicamentos, una disponibilidad m\u00e1s uniforme en los Estados miembros y un mayor control sobre la seguridad y los impactos medioambientales.<\/li>\n<li><strong>Para los Estados miembros\/gobiernos<\/strong>: Tendr\u00e1n que actualizar sus leyes nacionales para alinearlas con las nuevas normas de la UE; hacer cumplir las nuevas obligaciones para las empresas (p. ej., obligaciones de suministro, evaluaciones medioambientales); replantearse c\u00f3mo se adjudican las licitaciones; y posiblemente asumir costes o equilibrios entre competitividad industrial y contenci\u00f3n del gasto.<\/li>\n<li><strong>Retos<\/strong>: Las negociaciones siguen en curso, por lo que el texto final ser\u00e1 decisivo. Algunos aspectos controvertidos incluyen cu\u00e1nto exclusividad otorgar, c\u00f3mo definir con precisi\u00f3n las \u201cnecesidades m\u00e9dicas no cubiertas\u201d, c\u00f3mo hacer cumplir las obligaciones de suministro sin generar cargas excesivas y c\u00f3mo conciliar las exigencias medioambientales con los costes y limitaciones pr\u00e1cticas.<\/li>\n<\/ul>\n<hr \/>\n<h3>Desarrollos Relacionados Recientes<\/h3>\n<ul>\n<li>La UE planea una <strong>Ley de Medicamentos Cr\u00edticos<\/strong> centrada en unos 270 f\u00e1rmacos considerados esenciales.<\/li>\n<li>Nuevos impuestos o normas medioambientales: se prev\u00e9 que las industrias farmac\u00e9utica (y cosm\u00e9tica) contribuyan a financiar la depuraci\u00f3n de contaminantes farmac\u00e9uticos en aguas residuales, conforme a directivas actualizadas de la UE.<\/li>\n<\/ul>\n<hr \/>\n<h3>Conclusi\u00f3n<\/h3>\n<p>El a\u00f1o 2025 marca un punto de inflexi\u00f3n para el derecho farmac\u00e9utico en Europa. Las reformas propuestas son ambiciosas y responden a m\u00faltiples presiones: escasez de medicamentos, amenazas medioambientales, creciente dependencia de proveedores externos y la necesidad de fomentar la innovaci\u00f3n. Aunque mucho depender\u00e1 del texto final que se acuerde, el \u201cPaquete Farmac\u00e9utico\u201d se\u00f1ala un cambio hacia un marco regulatorio m\u00e1s resiliente, transparente y centrado en los pacientes<\/p>\n<p>[\/vc_column_text][\/vc_column][\/vc_row]<\/p>\n<\/div>","protected":false},"excerpt":{"rendered":"<p>The term minimalism is also used to describe a trend in design and architecture where in the subject is reduced to its necessary elements. Minimalist design has been highly influenced by Japanese traditional design and architecture. In addition, the work of De Stijl artists is a major source of reference for this kind of work. <a class=\"continue\" href=\"https:\/\/quarckabogados.com\/es\/europes-pharma-law-reform-in-2025\/\">Continue Reading<span> La reforma del Derecho farmac\u00e9utico en Europa en 2025: hacia el acceso, la sostenibilidad y la innovaci\u00f3n<\/span><\/a><\/p>\n","protected":false},"author":1,"featured_media":16143,"comment_status":"closed","ping_status":"closed","sticky":false,"template":"","format":"standard","meta":{"footnotes":""},"categories":[64],"tags":[],"class_list":["post-16356","post","type-post","status-publish","format-standard","has-post-thumbnail","hentry","category-sin-categoria"],"yoast_head":"<!-- This site is optimized with the Yoast SEO plugin v27.2 - https:\/\/yoast.com\/product\/yoast-seo-wordpress\/ -->\n<title>La reforma del Derecho farmac\u00e9utico en Europa en 2025: hacia el acceso, la sostenibilidad y la innovaci\u00f3n - Quarck Abogados<\/title>\n<meta name=\"robots\" content=\"index, follow, max-snippet:-1, max-image-preview:large, max-video-preview:-1\" \/>\n<link rel=\"canonical\" href=\"https:\/\/quarckabogados.com\/europes-pharma-law-reform-in-2025\/\" \/>\n<meta property=\"og:locale\" content=\"es_ES\" \/>\n<meta property=\"og:type\" content=\"article\" \/>\n<meta property=\"og:title\" content=\"La reforma del Derecho farmac\u00e9utico en Europa en 2025: hacia el acceso, la sostenibilidad y la innovaci\u00f3n - Quarck Abogados\" \/>\n<meta property=\"og:description\" content=\"The term minimalism is also used to describe a trend in design and architecture where in the subject is reduced to its necessary elements. Minimalist design has been highly influenced by Japanese traditional design and architecture. In addition, the work of De Stijl artists is a major source of reference for this kind of work. Continue Reading La reforma del Derecho farmac\u00e9utico en Europa en 2025: hacia el acceso, la sostenibilidad y la innovaci\u00f3n\" \/>\n<meta property=\"og:url\" content=\"https:\/\/quarckabogados.com\/europes-pharma-law-reform-in-2025\/\" \/>\n<meta property=\"og:site_name\" content=\"Quarck Abogados\" \/>\n<meta property=\"article:published_time\" content=\"2013-10-04T15:45:20+00:00\" \/>\n<meta property=\"article:modified_time\" content=\"2025-09-23T10:23:51+00:00\" \/>\n<meta property=\"og:image\" content=\"https:\/\/quarckabogados.com\/wp-content\/uploads\/2013\/10\/pills-with-gavel-justice-money-medical-corruption-concept-scaled.jpg\" \/>\n\t<meta property=\"og:image:width\" content=\"2560\" \/>\n\t<meta property=\"og:image:height\" content=\"1707\" \/>\n\t<meta property=\"og:image:type\" content=\"image\/jpeg\" \/>\n<meta name=\"author\" content=\"admin\" \/>\n<meta name=\"twitter:card\" content=\"summary_large_image\" \/>\n<meta name=\"twitter:label1\" content=\"Escrito por\" \/>\n\t<meta name=\"twitter:data1\" content=\"admin\" \/>\n\t<meta name=\"twitter:label2\" content=\"Tiempo de lectura\" \/>\n\t<meta name=\"twitter:data2\" content=\"5 minutos\" \/>\n<script type=\"application\/ld+json\" class=\"yoast-schema-graph\">{\"@context\":\"https:\/\/schema.org\",\"@graph\":[{\"@type\":\"Article\",\"@id\":\"https:\/\/quarckabogados.com\/europes-pharma-law-reform-in-2025\/#article\",\"isPartOf\":{\"@id\":\"https:\/\/quarckabogados.com\/europes-pharma-law-reform-in-2025\/\"},\"author\":{\"name\":\"admin\",\"@id\":\"https:\/\/quarckabogados.com\/#\/schema\/person\/7810e52e099b8fbdc8cbaab036bd2651\"},\"headline\":\"La reforma del Derecho farmac\u00e9utico en Europa en 2025: hacia el acceso, la sostenibilidad y la innovaci\u00f3n\",\"datePublished\":\"2013-10-04T15:45:20+00:00\",\"dateModified\":\"2025-09-23T10:23:51+00:00\",\"mainEntityOfPage\":{\"@id\":\"https:\/\/quarckabogados.com\/europes-pharma-law-reform-in-2025\/\"},\"wordCount\":975,\"image\":{\"@id\":\"https:\/\/quarckabogados.com\/europes-pharma-law-reform-in-2025\/#primaryimage\"},\"thumbnailUrl\":\"https:\/\/quarckabogados.com\/wp-content\/uploads\/2013\/10\/pills-with-gavel-justice-money-medical-corruption-concept-scaled.jpg\",\"inLanguage\":\"es\"},{\"@type\":\"WebPage\",\"@id\":\"https:\/\/quarckabogados.com\/europes-pharma-law-reform-in-2025\/\",\"url\":\"https:\/\/quarckabogados.com\/europes-pharma-law-reform-in-2025\/\",\"name\":\"La reforma del Derecho farmac\u00e9utico en Europa en 2025: hacia el acceso, la sostenibilidad y la innovaci\u00f3n - Quarck Abogados\",\"isPartOf\":{\"@id\":\"https:\/\/quarckabogados.com\/#website\"},\"primaryImageOfPage\":{\"@id\":\"https:\/\/quarckabogados.com\/europes-pharma-law-reform-in-2025\/#primaryimage\"},\"image\":{\"@id\":\"https:\/\/quarckabogados.com\/europes-pharma-law-reform-in-2025\/#primaryimage\"},\"thumbnailUrl\":\"https:\/\/quarckabogados.com\/wp-content\/uploads\/2013\/10\/pills-with-gavel-justice-money-medical-corruption-concept-scaled.jpg\",\"datePublished\":\"2013-10-04T15:45:20+00:00\",\"dateModified\":\"2025-09-23T10:23:51+00:00\",\"author\":{\"@id\":\"https:\/\/quarckabogados.com\/#\/schema\/person\/7810e52e099b8fbdc8cbaab036bd2651\"},\"breadcrumb\":{\"@id\":\"https:\/\/quarckabogados.com\/europes-pharma-law-reform-in-2025\/#breadcrumb\"},\"inLanguage\":\"es\",\"potentialAction\":[{\"@type\":\"ReadAction\",\"target\":[\"https:\/\/quarckabogados.com\/europes-pharma-law-reform-in-2025\/\"]}]},{\"@type\":\"ImageObject\",\"inLanguage\":\"es\",\"@id\":\"https:\/\/quarckabogados.com\/europes-pharma-law-reform-in-2025\/#primaryimage\",\"url\":\"https:\/\/quarckabogados.com\/wp-content\/uploads\/2013\/10\/pills-with-gavel-justice-money-medical-corruption-concept-scaled.jpg\",\"contentUrl\":\"https:\/\/quarckabogados.com\/wp-content\/uploads\/2013\/10\/pills-with-gavel-justice-money-medical-corruption-concept-scaled.jpg\",\"width\":2560,\"height\":1707,\"caption\":\"Pills with gavel of justice and money, medical corruption concept.\"},{\"@type\":\"BreadcrumbList\",\"@id\":\"https:\/\/quarckabogados.com\/europes-pharma-law-reform-in-2025\/#breadcrumb\",\"itemListElement\":[{\"@type\":\"ListItem\",\"position\":1,\"name\":\"Home\",\"item\":\"https:\/\/quarckabogados.com\/\"},{\"@type\":\"ListItem\",\"position\":2,\"name\":\"La reforma del Derecho farmac\u00e9utico en Europa en 2025: hacia el acceso, la sostenibilidad y la innovaci\u00f3n\"}]},{\"@type\":\"WebSite\",\"@id\":\"https:\/\/quarckabogados.com\/#website\",\"url\":\"https:\/\/quarckabogados.com\/\",\"name\":\"Quarck Abogados\",\"description\":\"\",\"potentialAction\":[{\"@type\":\"SearchAction\",\"target\":{\"@type\":\"EntryPoint\",\"urlTemplate\":\"https:\/\/quarckabogados.com\/?s={search_term_string}\"},\"query-input\":{\"@type\":\"PropertyValueSpecification\",\"valueRequired\":true,\"valueName\":\"search_term_string\"}}],\"inLanguage\":\"es\"},{\"@type\":\"Person\",\"@id\":\"https:\/\/quarckabogados.com\/#\/schema\/person\/7810e52e099b8fbdc8cbaab036bd2651\",\"name\":\"admin\",\"image\":{\"@type\":\"ImageObject\",\"inLanguage\":\"es\",\"@id\":\"https:\/\/secure.gravatar.com\/avatar\/70c1ecabd6819b5168f44b9acf228aa97b12f90d49490d6621dae0dfb332e99e?s=96&d=mm&r=g\",\"url\":\"https:\/\/secure.gravatar.com\/avatar\/70c1ecabd6819b5168f44b9acf228aa97b12f90d49490d6621dae0dfb332e99e?s=96&d=mm&r=g\",\"contentUrl\":\"https:\/\/secure.gravatar.com\/avatar\/70c1ecabd6819b5168f44b9acf228aa97b12f90d49490d6621dae0dfb332e99e?s=96&d=mm&r=g\",\"caption\":\"admin\"},\"sameAs\":[\"https:\/\/quarckabogados.com\"],\"url\":\"https:\/\/quarckabogados.com\/es\/author\/admin_l1bozd9u\/\"}]}<\/script>\n<!-- \/ Yoast SEO plugin. -->","yoast_head_json":{"title":"La reforma del Derecho farmac\u00e9utico en Europa en 2025: hacia el acceso, la sostenibilidad y la innovaci\u00f3n - Quarck Abogados","robots":{"index":"index","follow":"follow","max-snippet":"max-snippet:-1","max-image-preview":"max-image-preview:large","max-video-preview":"max-video-preview:-1"},"canonical":"https:\/\/quarckabogados.com\/europes-pharma-law-reform-in-2025\/","og_locale":"es_ES","og_type":"article","og_title":"La reforma del Derecho farmac\u00e9utico en Europa en 2025: hacia el acceso, la sostenibilidad y la innovaci\u00f3n - Quarck Abogados","og_description":"The term minimalism is also used to describe a trend in design and architecture where in the subject is reduced to its necessary elements. Minimalist design has been highly influenced by Japanese traditional design and architecture. In addition, the work of De Stijl artists is a major source of reference for this kind of work. Continue Reading La reforma del Derecho farmac\u00e9utico en Europa en 2025: hacia el acceso, la sostenibilidad y la innovaci\u00f3n","og_url":"https:\/\/quarckabogados.com\/europes-pharma-law-reform-in-2025\/","og_site_name":"Quarck Abogados","article_published_time":"2013-10-04T15:45:20+00:00","article_modified_time":"2025-09-23T10:23:51+00:00","og_image":[{"width":2560,"height":1707,"url":"https:\/\/quarckabogados.com\/wp-content\/uploads\/2013\/10\/pills-with-gavel-justice-money-medical-corruption-concept-scaled.jpg","type":"image\/jpeg"}],"author":"admin","twitter_card":"summary_large_image","twitter_misc":{"Escrito por":"admin","Tiempo de lectura":"5 minutos"},"schema":{"@context":"https:\/\/schema.org","@graph":[{"@type":"Article","@id":"https:\/\/quarckabogados.com\/europes-pharma-law-reform-in-2025\/#article","isPartOf":{"@id":"https:\/\/quarckabogados.com\/europes-pharma-law-reform-in-2025\/"},"author":{"name":"admin","@id":"https:\/\/quarckabogados.com\/#\/schema\/person\/7810e52e099b8fbdc8cbaab036bd2651"},"headline":"La reforma del Derecho farmac\u00e9utico en Europa en 2025: hacia el acceso, la sostenibilidad y la innovaci\u00f3n","datePublished":"2013-10-04T15:45:20+00:00","dateModified":"2025-09-23T10:23:51+00:00","mainEntityOfPage":{"@id":"https:\/\/quarckabogados.com\/europes-pharma-law-reform-in-2025\/"},"wordCount":975,"image":{"@id":"https:\/\/quarckabogados.com\/europes-pharma-law-reform-in-2025\/#primaryimage"},"thumbnailUrl":"https:\/\/quarckabogados.com\/wp-content\/uploads\/2013\/10\/pills-with-gavel-justice-money-medical-corruption-concept-scaled.jpg","inLanguage":"es"},{"@type":"WebPage","@id":"https:\/\/quarckabogados.com\/europes-pharma-law-reform-in-2025\/","url":"https:\/\/quarckabogados.com\/europes-pharma-law-reform-in-2025\/","name":"La reforma del Derecho farmac\u00e9utico en Europa en 2025: hacia el acceso, la sostenibilidad y la innovaci\u00f3n - Quarck Abogados","isPartOf":{"@id":"https:\/\/quarckabogados.com\/#website"},"primaryImageOfPage":{"@id":"https:\/\/quarckabogados.com\/europes-pharma-law-reform-in-2025\/#primaryimage"},"image":{"@id":"https:\/\/quarckabogados.com\/europes-pharma-law-reform-in-2025\/#primaryimage"},"thumbnailUrl":"https:\/\/quarckabogados.com\/wp-content\/uploads\/2013\/10\/pills-with-gavel-justice-money-medical-corruption-concept-scaled.jpg","datePublished":"2013-10-04T15:45:20+00:00","dateModified":"2025-09-23T10:23:51+00:00","author":{"@id":"https:\/\/quarckabogados.com\/#\/schema\/person\/7810e52e099b8fbdc8cbaab036bd2651"},"breadcrumb":{"@id":"https:\/\/quarckabogados.com\/europes-pharma-law-reform-in-2025\/#breadcrumb"},"inLanguage":"es","potentialAction":[{"@type":"ReadAction","target":["https:\/\/quarckabogados.com\/europes-pharma-law-reform-in-2025\/"]}]},{"@type":"ImageObject","inLanguage":"es","@id":"https:\/\/quarckabogados.com\/europes-pharma-law-reform-in-2025\/#primaryimage","url":"https:\/\/quarckabogados.com\/wp-content\/uploads\/2013\/10\/pills-with-gavel-justice-money-medical-corruption-concept-scaled.jpg","contentUrl":"https:\/\/quarckabogados.com\/wp-content\/uploads\/2013\/10\/pills-with-gavel-justice-money-medical-corruption-concept-scaled.jpg","width":2560,"height":1707,"caption":"Pills with gavel of justice and money, medical corruption concept."},{"@type":"BreadcrumbList","@id":"https:\/\/quarckabogados.com\/europes-pharma-law-reform-in-2025\/#breadcrumb","itemListElement":[{"@type":"ListItem","position":1,"name":"Home","item":"https:\/\/quarckabogados.com\/"},{"@type":"ListItem","position":2,"name":"La reforma del Derecho farmac\u00e9utico en Europa en 2025: hacia el acceso, la sostenibilidad y la innovaci\u00f3n"}]},{"@type":"WebSite","@id":"https:\/\/quarckabogados.com\/#website","url":"https:\/\/quarckabogados.com\/","name":"Quarck Abogados","description":"","potentialAction":[{"@type":"SearchAction","target":{"@type":"EntryPoint","urlTemplate":"https:\/\/quarckabogados.com\/?s={search_term_string}"},"query-input":{"@type":"PropertyValueSpecification","valueRequired":true,"valueName":"search_term_string"}}],"inLanguage":"es"},{"@type":"Person","@id":"https:\/\/quarckabogados.com\/#\/schema\/person\/7810e52e099b8fbdc8cbaab036bd2651","name":"admin","image":{"@type":"ImageObject","inLanguage":"es","@id":"https:\/\/secure.gravatar.com\/avatar\/70c1ecabd6819b5168f44b9acf228aa97b12f90d49490d6621dae0dfb332e99e?s=96&d=mm&r=g","url":"https:\/\/secure.gravatar.com\/avatar\/70c1ecabd6819b5168f44b9acf228aa97b12f90d49490d6621dae0dfb332e99e?s=96&d=mm&r=g","contentUrl":"https:\/\/secure.gravatar.com\/avatar\/70c1ecabd6819b5168f44b9acf228aa97b12f90d49490d6621dae0dfb332e99e?s=96&d=mm&r=g","caption":"admin"},"sameAs":["https:\/\/quarckabogados.com"],"url":"https:\/\/quarckabogados.com\/es\/author\/admin_l1bozd9u\/"}]}},"_links":{"self":[{"href":"https:\/\/quarckabogados.com\/es\/wp-json\/wp\/v2\/posts\/16356","targetHints":{"allow":["GET"]}}],"collection":[{"href":"https:\/\/quarckabogados.com\/es\/wp-json\/wp\/v2\/posts"}],"about":[{"href":"https:\/\/quarckabogados.com\/es\/wp-json\/wp\/v2\/types\/post"}],"author":[{"embeddable":true,"href":"https:\/\/quarckabogados.com\/es\/wp-json\/wp\/v2\/users\/1"}],"replies":[{"embeddable":true,"href":"https:\/\/quarckabogados.com\/es\/wp-json\/wp\/v2\/comments?post=16356"}],"version-history":[{"count":2,"href":"https:\/\/quarckabogados.com\/es\/wp-json\/wp\/v2\/posts\/16356\/revisions"}],"predecessor-version":[{"id":16358,"href":"https:\/\/quarckabogados.com\/es\/wp-json\/wp\/v2\/posts\/16356\/revisions\/16358"}],"wp:featuredmedia":[{"embeddable":true,"href":"https:\/\/quarckabogados.com\/es\/wp-json\/wp\/v2\/media\/16143"}],"wp:attachment":[{"href":"https:\/\/quarckabogados.com\/es\/wp-json\/wp\/v2\/media?parent=16356"}],"wp:term":[{"taxonomy":"category","embeddable":true,"href":"https:\/\/quarckabogados.com\/es\/wp-json\/wp\/v2\/categories?post=16356"},{"taxonomy":"post_tag","embeddable":true,"href":"https:\/\/quarckabogados.com\/es\/wp-json\/wp\/v2\/tags?post=16356"}],"curies":[{"name":"wp","href":"https:\/\/api.w.org\/{rel}","templated":true}]}}