{"id":16368,"date":"2013-10-04T12:53:42","date_gmt":"2013-10-04T12:53:42","guid":{"rendered":"https:\/\/quarckabogados.com\/recent-trends-reforms-in-spanish-administrative-law-2025\/"},"modified":"2025-09-23T10:37:57","modified_gmt":"2025-09-23T10:37:57","slug":"recent-trends-reforms-in-spanish-administrative-law-2025","status":"publish","type":"post","link":"https:\/\/quarckabogados.com\/es\/recent-trends-reforms-in-spanish-administrative-law-2025\/","title":{"rendered":"Tendencias recientes y reformas en el Derecho administrativo espa\u00f1ol \u2014 2025"},"content":{"rendered":"<div class=\"wpb-content-wrapper\"><p>[vc_row css_animation=\u00bb\u00bb row_type=\u00bbrow\u00bb use_row_as_full_screen_section=\u00bbno\u00bb type=\u00bbfull_width\u00bb angled_section=\u00bbno\u00bb text_align=\u00bbleft\u00bb background_image_as_pattern=\u00bbwithout_pattern\u00bb][vc_column][vc_column_text css=\u00bb\u00bb]<\/p>\n<h3>Introducci\u00f3n<\/h3>\n<p>El Derecho administrativo en Espa\u00f1a sigue evolucionando en 2025 bajo presiones hacia una mayor transparencia, seguridad jur\u00eddica, digitalizaci\u00f3n, derechos de la ciudadan\u00eda, cumplimiento del derecho de la UE y un mejor gobierno p\u00fablico. A continuaci\u00f3n se recogen algunos de los desarrollos m\u00e1s significativos hasta la fecha, junto con sus implicaciones.<\/p>\n<hr \/>\n<h3>Desarrollos Clave<\/h3>\n<p><strong>Transparencia y responsabilidad algor\u00edtmica \u2014 Caso Bono Social<\/strong><br \/>\nEl Tribunal Supremo ha dictaminado que el Gobierno debe divulgar el c\u00f3digo fuente del algoritmo \u201cBosco\u201d, utilizado por el Estado para asignar el bono social (una subvenci\u00f3n el\u00e9ctrica para usuarios con bajos ingresos). El Tribunal resolvi\u00f3 que dicho c\u00f3digo no contiene datos personales y que el inter\u00e9s p\u00fablico, la transparencia, la prevenci\u00f3n de sesgos o arbitrariedades y la rendici\u00f3n de cuentas prevalecen en este caso sobre alegaciones de propiedad intelectual, seguridad p\u00fablica o protecci\u00f3n de datos.<\/p>\n<p><em>Implicaci\u00f3n<\/em>: Se establece un precedente para exigir transparencia en la toma de decisiones automatizadas en la Administraci\u00f3n p\u00fablica. Las entidades que utilicen algoritmos en servicios p\u00fablicos podr\u00edan enfrentarse a nuevas presiones legales para revelar su funcionamiento, especialmente cuando afecten a derechos fundamentales o a subsidios p\u00fablicos.<\/p>\n<hr \/>\n<p><strong>Ley sobre Lobbying \/ Grupos de Inter\u00e9s (\u201cLobbies\u201d)<\/strong><br \/>\nEl Gobierno aprob\u00f3 un anteproyecto para regular los grupos de presi\u00f3n a nivel estatal (Administraci\u00f3n General del Estado). Su objetivo es aumentar la transparencia e integridad mediante la creaci\u00f3n de un registro obligatorio de grupos de inter\u00e9s (nombres, organizaci\u00f3n, financiaci\u00f3n, objetivos), la obligaci\u00f3n de declarar reuniones entre altos cargos y grupos de inter\u00e9s, y la regulaci\u00f3n de la estructura de esas interacciones.<\/p>\n<p><em>Comentario cr\u00edtico<\/em>: Algunos actores de la sociedad civil y expertos se\u00f1alan que, en su forma actual, el anteproyecto carece de independencia regulatoria, de presupuesto suficiente y de un r\u00e9gimen sancionador verdaderamente eficaz. Advierten que, sin una aplicaci\u00f3n real, la regulaci\u00f3n formal puede no modificar las pr\u00e1cticas subyacentes.<\/p>\n<hr \/>\n<p><strong>Reforma del Reglamento de Extranjer\u00eda<\/strong><br \/>\nEl Reglamento de Extranjer\u00eda se reform\u00f3 mediante el Real Decreto 1155\/2024, en vigor desde el 20 de mayo de 2025. La reforma introduce cambios en materia de residencia, permisos de trabajo, integraci\u00f3n y procedimientos administrativos para nacionales de terceros pa\u00edses.<\/p>\n<p><em>Impacto en el Derecho administrativo<\/em>: Estas reformas afectan la discrecionalidad administrativa, los derechos procesales de los solicitantes y la interacci\u00f3n entre el Gobierno central y las comunidades aut\u00f3nomas en la aplicaci\u00f3n de la pol\u00edtica migratoria. Adem\u00e1s, es probable que aumente la carga administrativa (y el potencial de impugnaciones legales) a medida que se prueban los nuevos requisitos y procedimientos.<\/p>\n<hr \/>\n<p><strong>Plan Normativo 2025 (PAN 2025)<\/strong><br \/>\nEl Gobierno aprob\u00f3 el Plan Normativo de la Administraci\u00f3n General del Estado 2025 (PAN 2025), que establece la agenda legislativa del a\u00f1o, con un total de 199 iniciativas normativas (16 leyes org\u00e1nicas, 43 leyes ordinarias, 140 reales decretos). Muchas de ellas est\u00e1n vinculadas a obligaciones de la UE, al Plan de Recuperaci\u00f3n, Transformaci\u00f3n y Resiliencia, y al Plan de Acci\u00f3n para la Democracia.<\/p>\n<p><em>Relevancia para el Derecho administrativo<\/em>: Muchas de estas iniciativas afectar\u00e1n al modo en que los \u00f3rganos administrativos act\u00faan, regulan y prestan servicios; por ejemplo, leyes que clarifican competencias administrativas, garant\u00edas procedimentales, reformas digitales y del sector p\u00fablico, etc. Tambi\u00e9n refleja las prioridades: transparencia, simplificaci\u00f3n, armonizaci\u00f3n europea y derechos de la ciudadan\u00eda.<\/p>\n<hr \/>\n<p><strong>Reforma Judicial \/ de la Jurisdicci\u00f3n Contencioso-Administrativa (Ley 1\/2025)<\/strong><br \/>\nUna de las reformas es la Ley 1\/2025, que reorganiza el sistema judicial: transforma los \u201cjuzgados unipersonales\u201d en \u201ctribunales de instancia\u201d con varias secciones (civil, penal, contencioso-administrativa, etc.).<\/p>\n<p>Asimismo, la reforma introduce la obligaci\u00f3n de intentar m\u00e9todos de resoluci\u00f3n alternativa de conflictos (ADR \/ mediaci\u00f3n \/ conciliaci\u00f3n) en ciertos casos antes de acudir a los tribunales. Esto puede afectar a las reclamaciones de derecho administrativo en la medida en que los procedimientos contencioso-administrativos requieran pasos preliminares o se vean influidos por estas tendencias de ADR.<\/p>\n<hr \/>\n<p><strong>Otras reformas procedimentales \/ organizativas<\/strong><br \/>\nEjemplos: modificaciones en organismos y estructuras administrativas (p. ej., el estatuto del ICEX fue modificado mediante el Real Decreto 350\/2025).<\/p>\n<p>Tambi\u00e9n, entre medidas urgentes, los decretos-ley como el RDL 7\/2025 de refuerzo del sistema el\u00e9ctrico; estos tienen implicaciones en derecho administrativo, especialmente en materia de competencias delegadas, poderes de emergencia y control judicial.<\/p>\n<hr \/>\n<h3>Implicaciones y Retos<\/h3>\n<ul>\n<li><strong>Derechos ciudadanos y acceso a la justicia<\/strong>: Estos desarrollos tienden a reforzar las garant\u00edas procedimentales, la transparencia y el control (p. ej., acceso a algoritmos, regulaci\u00f3n de lobbies, ADR). Los ciudadanos dispondr\u00e1n de m\u00e1s herramientas para impugnar decisiones administrativas, y las administraciones deber\u00e1n documentar con mayor rigor sus actuaciones y motivaciones.<\/li>\n<li><strong>Incertidumbre jur\u00eddica \/ per\u00edodos de transici\u00f3n<\/strong>: Las nuevas regulaciones suelen generar ambig\u00fcedad, especialmente en fases iniciales (p. ej., c\u00f3mo funcionar\u00e1 el registro de lobbies en la pr\u00e1ctica, qu\u00e9 constituye un intento suficiente de ADR, qu\u00e9 revelaciones se exigir\u00e1n sobre algoritmos). Los tribunales fijar\u00e1n interpretaciones y probablemente habr\u00e1 litigios para establecer l\u00edmites.<\/li>\n<li><strong>Carga administrativa y costes<\/strong>: Para las administraciones p\u00fablicas, m\u00e1s obligaciones \u2192 m\u00e1s recursos necesarios (personal, presupuestos, infraestructura t\u00e9cnica). Para los particulares que tratan con la administraci\u00f3n, m\u00e1s documentaci\u00f3n, requisitos procedimentales y posibles demoras hasta que los procesos se agilicen.<\/li>\n<li><strong>Digitalizaci\u00f3n y gobernanza algor\u00edtmica<\/strong>: A medida que se utilizan m\u00e1s algoritmos en la prestaci\u00f3n de servicios p\u00fablicos, aumenta el escrutinio jur\u00eddico. Los gobiernos deber\u00e1n conciliar la protecci\u00f3n de la propiedad intelectual \/ secretos comerciales con las exigencias de transparencia y rendici\u00f3n de cuentas. Tambi\u00e9n ser\u00e1 esencial garantizar la equidad, evitar sesgos y proteger los datos.<\/li>\n<li><strong>Cumplimiento del Derecho de la UE<\/strong>: Espa\u00f1a contin\u00faa adaptando sus doctrinas y estructuras administrativas a las obligaciones europeas (p. ej., directivas sobre transparencia, permisos parentales, etc.). Los retrasos en la transposici\u00f3n o implementaci\u00f3n conllevan riesgo de sanciones (como se ha visto en otras \u00e1reas).<\/li>\n<li><strong>Control judicial de actos administrativos<\/strong>: Con los tribunales reorganizados y nuevos requisitos (p. ej., ADR), la v\u00eda contencioso-administrativa puede cambiar en cierto modo. Los requisitos previos al litigio, nuevos motivos de impugnaci\u00f3n, as\u00ed como l\u00edmites formales y sustantivos, ser\u00e1n objeto de prueba.<\/li>\n<\/ul>\n<hr \/>\n<h3>Decisiones Judiciales Recientes y Control Constitucional<\/h3>\n<ul>\n<li><strong>Orden del Tribunal Supremo sobre el algoritmo Bosco<\/strong>: Como se mencion\u00f3, esta decisi\u00f3n refleja la creciente disposici\u00f3n de los tribunales a exigir transparencia en las herramientas administrativas.<\/li>\n<li><strong>Tribunal Constitucional<\/strong>: Tambi\u00e9n ha anulado reformas administrativas auton\u00f3micas que restring\u00edan en exceso la participaci\u00f3n de asociaciones en procedimientos administrativos o judiciales (p. ej., la reforma madrile\u00f1a que limitaba la legitimaci\u00f3n de asociaciones LGTBI), declar\u00e1ndolas inconstitucionales y restableciendo la capacidad de intervenci\u00f3n de las organizaciones de la sociedad civil.<\/li>\n<\/ul>\n<hr \/>\n<h3>Conclusi\u00f3n<\/h3>\n<p>El panorama del Derecho administrativo en Espa\u00f1a en 2025 se encuentra en una fase de transformaci\u00f3n activa. Los ejes clave son la transparencia, el empoderamiento ciudadano, la justicia procedimental, la gobernanza digital y la adaptaci\u00f3n a las normas de la UE. Las administraciones y quienes interact\u00faan con ellas (ciudadanos, empresas, organizaciones) deben estar atentos a nuevas obligaciones, nuevos derechos y posibles cambios en la manera en que se adoptan y revisan las decisiones administrativas.[\/vc_column_text][\/vc_column][\/vc_row]<\/p>\n<\/div>","protected":false},"excerpt":{"rendered":"<p>The term minimalism is also used to describe a trend in design and architecture where in the subject is reduced to its necessary elements. Minimalist design has been highly influenced by Japanese traditional design and architecture. In addition, the work of De Stijl artists is a major source of reference for this kind of work. <a class=\"continue\" href=\"https:\/\/quarckabogados.com\/es\/recent-trends-reforms-in-spanish-administrative-law-2025\/\">Continue Reading<span> Tendencias recientes y reformas en el Derecho administrativo espa\u00f1ol \u2014 2025<\/span><\/a><\/p>\n","protected":false},"author":1,"featured_media":16156,"comment_status":"closed","ping_status":"closed","sticky":false,"template":"","format":"standard","meta":{"footnotes":""},"categories":[64],"tags":[],"class_list":["post-16368","post","type-post","status-publish","format-standard","has-post-thumbnail","hentry","category-sin-categoria"],"yoast_head":"<!-- This site is optimized with the Yoast SEO plugin v27.2 - https:\/\/yoast.com\/product\/yoast-seo-wordpress\/ -->\n<title>Tendencias recientes y reformas en el Derecho administrativo espa\u00f1ol \u2014 2025 - Quarck Abogados<\/title>\n<meta name=\"robots\" content=\"index, follow, max-snippet:-1, max-image-preview:large, max-video-preview:-1\" \/>\n<link rel=\"canonical\" href=\"https:\/\/quarckabogados.com\/recent-trends-reforms-in-spanish-administrative-law-2025\/\" \/>\n<meta property=\"og:locale\" content=\"es_ES\" \/>\n<meta property=\"og:type\" content=\"article\" \/>\n<meta property=\"og:title\" content=\"Tendencias recientes y reformas en el Derecho administrativo espa\u00f1ol \u2014 2025 - Quarck Abogados\" \/>\n<meta property=\"og:description\" content=\"The term minimalism is also used to describe a trend in design and architecture where in the subject is reduced to its necessary elements. Minimalist design has been highly influenced by Japanese traditional design and architecture. In addition, the work of De Stijl artists is a major source of reference for this kind of work. Continue Reading Tendencias recientes y reformas en el Derecho administrativo espa\u00f1ol \u2014 2025\" \/>\n<meta property=\"og:url\" content=\"https:\/\/quarckabogados.com\/recent-trends-reforms-in-spanish-administrative-law-2025\/\" \/>\n<meta property=\"og:site_name\" content=\"Quarck Abogados\" \/>\n<meta property=\"article:published_time\" content=\"2013-10-04T12:53:42+00:00\" \/>\n<meta property=\"article:modified_time\" content=\"2025-09-23T10:37:57+00:00\" \/>\n<meta property=\"og:image\" content=\"https:\/\/quarckabogados.com\/wp-content\/uploads\/2013\/10\/210125-rueda-de-prensa-ministros1.jpg\" \/>\n\t<meta property=\"og:image:width\" content=\"1200\" \/>\n\t<meta property=\"og:image:height\" content=\"800\" \/>\n\t<meta property=\"og:image:type\" content=\"image\/jpeg\" \/>\n<meta name=\"author\" content=\"admin\" \/>\n<meta name=\"twitter:card\" content=\"summary_large_image\" \/>\n<meta name=\"twitter:label1\" content=\"Escrito por\" \/>\n\t<meta name=\"twitter:data1\" content=\"admin\" \/>\n\t<meta name=\"twitter:label2\" content=\"Tiempo de lectura\" \/>\n\t<meta name=\"twitter:data2\" content=\"6 minutos\" \/>\n<script type=\"application\/ld+json\" class=\"yoast-schema-graph\">{\"@context\":\"https:\/\/schema.org\",\"@graph\":[{\"@type\":\"Article\",\"@id\":\"https:\/\/quarckabogados.com\/recent-trends-reforms-in-spanish-administrative-law-2025\/#article\",\"isPartOf\":{\"@id\":\"https:\/\/quarckabogados.com\/recent-trends-reforms-in-spanish-administrative-law-2025\/\"},\"author\":{\"name\":\"admin\",\"@id\":\"https:\/\/quarckabogados.com\/#\/schema\/person\/7810e52e099b8fbdc8cbaab036bd2651\"},\"headline\":\"Tendencias recientes y reformas en el Derecho administrativo espa\u00f1ol \u2014 2025\",\"datePublished\":\"2013-10-04T12:53:42+00:00\",\"dateModified\":\"2025-09-23T10:37:57+00:00\",\"mainEntityOfPage\":{\"@id\":\"https:\/\/quarckabogados.com\/recent-trends-reforms-in-spanish-administrative-law-2025\/\"},\"wordCount\":1269,\"image\":{\"@id\":\"https:\/\/quarckabogados.com\/recent-trends-reforms-in-spanish-administrative-law-2025\/#primaryimage\"},\"thumbnailUrl\":\"https:\/\/quarckabogados.com\/wp-content\/uploads\/2013\/10\/210125-rueda-de-prensa-ministros1.jpg\",\"inLanguage\":\"es\"},{\"@type\":\"WebPage\",\"@id\":\"https:\/\/quarckabogados.com\/recent-trends-reforms-in-spanish-administrative-law-2025\/\",\"url\":\"https:\/\/quarckabogados.com\/recent-trends-reforms-in-spanish-administrative-law-2025\/\",\"name\":\"Tendencias recientes y reformas en el Derecho administrativo espa\u00f1ol \u2014 2025 - Quarck Abogados\",\"isPartOf\":{\"@id\":\"https:\/\/quarckabogados.com\/#website\"},\"primaryImageOfPage\":{\"@id\":\"https:\/\/quarckabogados.com\/recent-trends-reforms-in-spanish-administrative-law-2025\/#primaryimage\"},\"image\":{\"@id\":\"https:\/\/quarckabogados.com\/recent-trends-reforms-in-spanish-administrative-law-2025\/#primaryimage\"},\"thumbnailUrl\":\"https:\/\/quarckabogados.com\/wp-content\/uploads\/2013\/10\/210125-rueda-de-prensa-ministros1.jpg\",\"datePublished\":\"2013-10-04T12:53:42+00:00\",\"dateModified\":\"2025-09-23T10:37:57+00:00\",\"author\":{\"@id\":\"https:\/\/quarckabogados.com\/#\/schema\/person\/7810e52e099b8fbdc8cbaab036bd2651\"},\"breadcrumb\":{\"@id\":\"https:\/\/quarckabogados.com\/recent-trends-reforms-in-spanish-administrative-law-2025\/#breadcrumb\"},\"inLanguage\":\"es\",\"potentialAction\":[{\"@type\":\"ReadAction\",\"target\":[\"https:\/\/quarckabogados.com\/recent-trends-reforms-in-spanish-administrative-law-2025\/\"]}]},{\"@type\":\"ImageObject\",\"inLanguage\":\"es\",\"@id\":\"https:\/\/quarckabogados.com\/recent-trends-reforms-in-spanish-administrative-law-2025\/#primaryimage\",\"url\":\"https:\/\/quarckabogados.com\/wp-content\/uploads\/2013\/10\/210125-rueda-de-prensa-ministros1.jpg\",\"contentUrl\":\"https:\/\/quarckabogados.com\/wp-content\/uploads\/2013\/10\/210125-rueda-de-prensa-ministros1.jpg\",\"width\":1200,\"height\":800,\"caption\":\"Rueda-de-prensa-ministros1\"},{\"@type\":\"BreadcrumbList\",\"@id\":\"https:\/\/quarckabogados.com\/recent-trends-reforms-in-spanish-administrative-law-2025\/#breadcrumb\",\"itemListElement\":[{\"@type\":\"ListItem\",\"position\":1,\"name\":\"Home\",\"item\":\"https:\/\/quarckabogados.com\/\"},{\"@type\":\"ListItem\",\"position\":2,\"name\":\"Tendencias recientes y reformas en el Derecho administrativo espa\u00f1ol \u2014 2025\"}]},{\"@type\":\"WebSite\",\"@id\":\"https:\/\/quarckabogados.com\/#website\",\"url\":\"https:\/\/quarckabogados.com\/\",\"name\":\"Quarck Abogados\",\"description\":\"\",\"potentialAction\":[{\"@type\":\"SearchAction\",\"target\":{\"@type\":\"EntryPoint\",\"urlTemplate\":\"https:\/\/quarckabogados.com\/?s={search_term_string}\"},\"query-input\":{\"@type\":\"PropertyValueSpecification\",\"valueRequired\":true,\"valueName\":\"search_term_string\"}}],\"inLanguage\":\"es\"},{\"@type\":\"Person\",\"@id\":\"https:\/\/quarckabogados.com\/#\/schema\/person\/7810e52e099b8fbdc8cbaab036bd2651\",\"name\":\"admin\",\"image\":{\"@type\":\"ImageObject\",\"inLanguage\":\"es\",\"@id\":\"https:\/\/secure.gravatar.com\/avatar\/70c1ecabd6819b5168f44b9acf228aa97b12f90d49490d6621dae0dfb332e99e?s=96&d=mm&r=g\",\"url\":\"https:\/\/secure.gravatar.com\/avatar\/70c1ecabd6819b5168f44b9acf228aa97b12f90d49490d6621dae0dfb332e99e?s=96&d=mm&r=g\",\"contentUrl\":\"https:\/\/secure.gravatar.com\/avatar\/70c1ecabd6819b5168f44b9acf228aa97b12f90d49490d6621dae0dfb332e99e?s=96&d=mm&r=g\",\"caption\":\"admin\"},\"sameAs\":[\"https:\/\/quarckabogados.com\"],\"url\":\"https:\/\/quarckabogados.com\/es\/author\/admin_l1bozd9u\/\"}]}<\/script>\n<!-- \/ Yoast SEO plugin. -->","yoast_head_json":{"title":"Tendencias recientes y reformas en el Derecho administrativo espa\u00f1ol \u2014 2025 - Quarck Abogados","robots":{"index":"index","follow":"follow","max-snippet":"max-snippet:-1","max-image-preview":"max-image-preview:large","max-video-preview":"max-video-preview:-1"},"canonical":"https:\/\/quarckabogados.com\/recent-trends-reforms-in-spanish-administrative-law-2025\/","og_locale":"es_ES","og_type":"article","og_title":"Tendencias recientes y reformas en el Derecho administrativo espa\u00f1ol \u2014 2025 - Quarck Abogados","og_description":"The term minimalism is also used to describe a trend in design and architecture where in the subject is reduced to its necessary elements. Minimalist design has been highly influenced by Japanese traditional design and architecture. In addition, the work of De Stijl artists is a major source of reference for this kind of work. Continue Reading Tendencias recientes y reformas en el Derecho administrativo espa\u00f1ol \u2014 2025","og_url":"https:\/\/quarckabogados.com\/recent-trends-reforms-in-spanish-administrative-law-2025\/","og_site_name":"Quarck Abogados","article_published_time":"2013-10-04T12:53:42+00:00","article_modified_time":"2025-09-23T10:37:57+00:00","og_image":[{"width":1200,"height":800,"url":"https:\/\/quarckabogados.com\/wp-content\/uploads\/2013\/10\/210125-rueda-de-prensa-ministros1.jpg","type":"image\/jpeg"}],"author":"admin","twitter_card":"summary_large_image","twitter_misc":{"Escrito por":"admin","Tiempo de lectura":"6 minutos"},"schema":{"@context":"https:\/\/schema.org","@graph":[{"@type":"Article","@id":"https:\/\/quarckabogados.com\/recent-trends-reforms-in-spanish-administrative-law-2025\/#article","isPartOf":{"@id":"https:\/\/quarckabogados.com\/recent-trends-reforms-in-spanish-administrative-law-2025\/"},"author":{"name":"admin","@id":"https:\/\/quarckabogados.com\/#\/schema\/person\/7810e52e099b8fbdc8cbaab036bd2651"},"headline":"Tendencias recientes y reformas en el Derecho administrativo espa\u00f1ol \u2014 2025","datePublished":"2013-10-04T12:53:42+00:00","dateModified":"2025-09-23T10:37:57+00:00","mainEntityOfPage":{"@id":"https:\/\/quarckabogados.com\/recent-trends-reforms-in-spanish-administrative-law-2025\/"},"wordCount":1269,"image":{"@id":"https:\/\/quarckabogados.com\/recent-trends-reforms-in-spanish-administrative-law-2025\/#primaryimage"},"thumbnailUrl":"https:\/\/quarckabogados.com\/wp-content\/uploads\/2013\/10\/210125-rueda-de-prensa-ministros1.jpg","inLanguage":"es"},{"@type":"WebPage","@id":"https:\/\/quarckabogados.com\/recent-trends-reforms-in-spanish-administrative-law-2025\/","url":"https:\/\/quarckabogados.com\/recent-trends-reforms-in-spanish-administrative-law-2025\/","name":"Tendencias recientes y reformas en el Derecho administrativo espa\u00f1ol \u2014 2025 - Quarck Abogados","isPartOf":{"@id":"https:\/\/quarckabogados.com\/#website"},"primaryImageOfPage":{"@id":"https:\/\/quarckabogados.com\/recent-trends-reforms-in-spanish-administrative-law-2025\/#primaryimage"},"image":{"@id":"https:\/\/quarckabogados.com\/recent-trends-reforms-in-spanish-administrative-law-2025\/#primaryimage"},"thumbnailUrl":"https:\/\/quarckabogados.com\/wp-content\/uploads\/2013\/10\/210125-rueda-de-prensa-ministros1.jpg","datePublished":"2013-10-04T12:53:42+00:00","dateModified":"2025-09-23T10:37:57+00:00","author":{"@id":"https:\/\/quarckabogados.com\/#\/schema\/person\/7810e52e099b8fbdc8cbaab036bd2651"},"breadcrumb":{"@id":"https:\/\/quarckabogados.com\/recent-trends-reforms-in-spanish-administrative-law-2025\/#breadcrumb"},"inLanguage":"es","potentialAction":[{"@type":"ReadAction","target":["https:\/\/quarckabogados.com\/recent-trends-reforms-in-spanish-administrative-law-2025\/"]}]},{"@type":"ImageObject","inLanguage":"es","@id":"https:\/\/quarckabogados.com\/recent-trends-reforms-in-spanish-administrative-law-2025\/#primaryimage","url":"https:\/\/quarckabogados.com\/wp-content\/uploads\/2013\/10\/210125-rueda-de-prensa-ministros1.jpg","contentUrl":"https:\/\/quarckabogados.com\/wp-content\/uploads\/2013\/10\/210125-rueda-de-prensa-ministros1.jpg","width":1200,"height":800,"caption":"Rueda-de-prensa-ministros1"},{"@type":"BreadcrumbList","@id":"https:\/\/quarckabogados.com\/recent-trends-reforms-in-spanish-administrative-law-2025\/#breadcrumb","itemListElement":[{"@type":"ListItem","position":1,"name":"Home","item":"https:\/\/quarckabogados.com\/"},{"@type":"ListItem","position":2,"name":"Tendencias recientes y reformas en el Derecho administrativo espa\u00f1ol \u2014 2025"}]},{"@type":"WebSite","@id":"https:\/\/quarckabogados.com\/#website","url":"https:\/\/quarckabogados.com\/","name":"Quarck Abogados","description":"","potentialAction":[{"@type":"SearchAction","target":{"@type":"EntryPoint","urlTemplate":"https:\/\/quarckabogados.com\/?s={search_term_string}"},"query-input":{"@type":"PropertyValueSpecification","valueRequired":true,"valueName":"search_term_string"}}],"inLanguage":"es"},{"@type":"Person","@id":"https:\/\/quarckabogados.com\/#\/schema\/person\/7810e52e099b8fbdc8cbaab036bd2651","name":"admin","image":{"@type":"ImageObject","inLanguage":"es","@id":"https:\/\/secure.gravatar.com\/avatar\/70c1ecabd6819b5168f44b9acf228aa97b12f90d49490d6621dae0dfb332e99e?s=96&d=mm&r=g","url":"https:\/\/secure.gravatar.com\/avatar\/70c1ecabd6819b5168f44b9acf228aa97b12f90d49490d6621dae0dfb332e99e?s=96&d=mm&r=g","contentUrl":"https:\/\/secure.gravatar.com\/avatar\/70c1ecabd6819b5168f44b9acf228aa97b12f90d49490d6621dae0dfb332e99e?s=96&d=mm&r=g","caption":"admin"},"sameAs":["https:\/\/quarckabogados.com"],"url":"https:\/\/quarckabogados.com\/es\/author\/admin_l1bozd9u\/"}]}},"_links":{"self":[{"href":"https:\/\/quarckabogados.com\/es\/wp-json\/wp\/v2\/posts\/16368","targetHints":{"allow":["GET"]}}],"collection":[{"href":"https:\/\/quarckabogados.com\/es\/wp-json\/wp\/v2\/posts"}],"about":[{"href":"https:\/\/quarckabogados.com\/es\/wp-json\/wp\/v2\/types\/post"}],"author":[{"embeddable":true,"href":"https:\/\/quarckabogados.com\/es\/wp-json\/wp\/v2\/users\/1"}],"replies":[{"embeddable":true,"href":"https:\/\/quarckabogados.com\/es\/wp-json\/wp\/v2\/comments?post=16368"}],"version-history":[{"count":2,"href":"https:\/\/quarckabogados.com\/es\/wp-json\/wp\/v2\/posts\/16368\/revisions"}],"predecessor-version":[{"id":16370,"href":"https:\/\/quarckabogados.com\/es\/wp-json\/wp\/v2\/posts\/16368\/revisions\/16370"}],"wp:featuredmedia":[{"embeddable":true,"href":"https:\/\/quarckabogados.com\/es\/wp-json\/wp\/v2\/media\/16156"}],"wp:attachment":[{"href":"https:\/\/quarckabogados.com\/es\/wp-json\/wp\/v2\/media?parent=16368"}],"wp:term":[{"taxonomy":"category","embeddable":true,"href":"https:\/\/quarckabogados.com\/es\/wp-json\/wp\/v2\/categories?post=16368"},{"taxonomy":"post_tag","embeddable":true,"href":"https:\/\/quarckabogados.com\/es\/wp-json\/wp\/v2\/tags?post=16368"}],"curies":[{"name":"wp","href":"https:\/\/api.w.org\/{rel}","templated":true}]}}